{"id":659,"date":"2022-11-11T14:52:03","date_gmt":"2022-11-11T13:52:03","guid":{"rendered":"https:\/\/www.stephan-lubahn.de\/?p=659"},"modified":"2022-11-11T14:52:04","modified_gmt":"2022-11-11T13:52:04","slug":"faqs-zu-affinity-photo-v2","status":"publish","type":"post","link":"https:\/\/www.stephan-lubahn.de\/?p=659","title":{"rendered":"FAQs zu Affinity Photo V2"},"content":{"rendered":"\n<h2 class=\"wp-block-heading\">Wie erstelle ich eine Desktop-Verkn\u00fcpfung f\u00fcr Affinity V2-Apps?<\/h2>\n\n\n\n<p>Wenn Sie Affinity V2 f\u00fcr Windows direkt im Affinity Store gekauft haben, haben Sie ein MSIX-Paket heruntergeladen. Sie werden feststellen, dass Ihnen bei der Installation von Affinity V2 nicht die M\u00f6glichkeit angeboten wird, eine Desktop-Verkn\u00fcpfung zu erstellen. Dies wird erwartet und h\u00e4ngt von der Funktionsweise von MSIX-Paketen ab.<\/p>\n\n\n\n<p>Sie k\u00f6nnen jedoch nach der Installation manuell eine Desktop-Verkn\u00fcpfung erstellen. Gehen Sie zu Start &gt; Ausf\u00fchren und geben Sie Shell:AppsFolder ein und dr\u00fccken Sie OK \u2013 Dadurch gelangen Sie zu einem Ordner, in dem Sie eine Kopie der Affinity V2-Verkn\u00fcpfung per Drag &amp; Drop auf Ihren Desktop ziehen k\u00f6nnen.<\/p>\n","protected":false},"excerpt":{"rendered":"<p>Wie erstelle ich eine Desktop-Verkn\u00fcpfung f\u00fcr Affinity V2-Apps? Wenn Sie Affinity V2 f\u00fcr Windows direkt im Affinity Store gekauft haben, haben Sie ein MSIX-Paket heruntergeladen. Sie werden feststellen, dass Ihnen bei der Installation von Affinity V2 nicht die M\u00f6glichkeit angeboten &hellip; <a href=\"https:\/\/www.stephan-lubahn.de\/?p=659\">Weiterlesen <span class=\"meta-nav\">&rarr;<\/span><\/a><\/p>\n","protected":false},"author":1,"featured_media":0,"comment_status":"open","ping_status":"open","sticky":false,"template":"","format":"standard","meta":{"_acf_changed":false,"footnotes":""},"categories":[1],"tags":[],"class_list":["post-659","post","type-post","status-publish","format-standard","hentry","category-uncategorized"],"acf":[],"_links":{"self":[{"href":"https:\/\/www.stephan-lubahn.de\/index.php?rest_route=\/wp\/v2\/posts\/659","targetHints":{"allow":["GET"]}}],"collection":[{"href":"https:\/\/www.stephan-lubahn.de\/index.php?rest_route=\/wp\/v2\/posts"}],"about":[{"href":"https:\/\/www.stephan-lubahn.de\/index.php?rest_route=\/wp\/v2\/types\/post"}],"author":[{"embeddable":true,"href":"https:\/\/www.stephan-lubahn.de\/index.php?rest_route=\/wp\/v2\/users\/1"}],"replies":[{"embeddable":true,"href":"https:\/\/www.stephan-lubahn.de\/index.php?rest_route=%2Fwp%2Fv2%2Fcomments&post=659"}],"version-history":[{"count":1,"href":"https:\/\/www.stephan-lubahn.de\/index.php?rest_route=\/wp\/v2\/posts\/659\/revisions"}],"predecessor-version":[{"id":660,"href":"https:\/\/www.stephan-lubahn.de\/index.php?rest_route=\/wp\/v2\/posts\/659\/revisions\/660"}],"wp:attachment":[{"href":"https:\/\/www.stephan-lubahn.de\/index.php?rest_route=%2Fwp%2Fv2%2Fmedia&parent=659"}],"wp:term":[{"taxonomy":"category","embeddable":true,"href":"https:\/\/www.stephan-lubahn.de\/index.php?rest_route=%2Fwp%2Fv2%2Fcategories&post=659"},{"taxonomy":"post_tag","embeddable":true,"href":"https:\/\/www.stephan-lubahn.de\/index.php?rest_route=%2Fwp%2Fv2%2Ftags&post=659"}],"curies":[{"name":"wp","href":"https:\/\/api.w.org\/{rel}","templated":true}]}}