{"id":235,"date":"2019-01-28T21:51:39","date_gmt":"2019-01-28T20:51:39","guid":{"rendered":"https:\/\/www.stephan-lubahn.de\/?p=235"},"modified":"2019-01-28T23:29:21","modified_gmt":"2019-01-28T22:29:21","slug":"ja-zum-meerwasserschwimbad-dahme","status":"publish","type":"post","link":"https:\/\/www.stephan-lubahn.de\/?p=235","title":{"rendered":"JA zum MeerWasserSchwimbad Dahme"},"content":{"rendered":"<p>Ich bin nicht wirklich ein Politischer Mensch, aber das Schwimmbad in Dahme liegt mir doch sehr am Herzen, nicht zuletzt weil meine Enkelin Franzi es hier und nur hier<br \/>\nGeschafft hat ihr Seepferdchen zu machen.<br \/>\nZu meiner Person:<br \/>\nIch bin geboren in Berlin und habe 35 Jahre in Berlin Zehlendorf gewohnt. Auch dort gab es ein \u00f6ffentliches Schwimmbad das wurde vor ca. 5 Jahren abgerissen und die Zehlendorfer Welle gebaut.<br \/>\nhttps:\/\/www.schwimm-blog-berlin.de\/2015\/03\/04\/zehlendorfer-welle\/<br \/>\nWas f\u00fcr ein Werbeschmarren. Teuer klein und fast nie f\u00fcr die \u00d6ffentlichkeit ge\u00f6ffnet. So erging es vielen B\u00e4dern in Berlin. Erfolgreich waren die Spa\u00dfb\u00e4der mit Eintrittspreisen jenseits von 30\u20ac<br \/>\nPro 2-3 Stunden (Verk\u00f6stigung extra). Es gibt, bis auf Strandbad Wannsee (auch das ist marode) kein einziges \u00f6ffentliches Bad was gewinne macht!!!<\/p>\n<p>Ich wei\u00df wovon ich rede, bin weit in der Welt rum gekommen. Von der S\u00fcdsee bis nach Schweden und auch einen Abstecher an die Nordsee (Horumsiel Wangerland)<br \/>\nhttps:\/\/www.antenne.com\/niedersachsen\/das-groesste-haekeldorf-der-welt-im-wangerland-id30612.html<br \/>\nAuch hier ein Schwimmbad mit au\u00dfen Becken uners\u00e4tzlich.<\/p>\n<p>Kommen wir aber nun zu unserer Region. Ich war viele Jahre und sogar als Jugendlicher in Scharbeutz welches als erstes Europ\u00e4isches Wellenbad bekannt war.<br \/>\nEs war gut besucht auch aus der Umgebung bis Bad Segeberg sind G\u00e4ste dort gerne schwimmen gegangen. (Fotos Vorhanden)<br \/>\nDie Eintrittspreise waren human und es gab Bonuskarten f\u00fcr G\u00e4ste die \u00d6fters in das Bad gekommen sind. Einmal die Woche gab es ein Warmbadetag, dann wurde bas Becken voll<br \/>\nGemacht und es waren 27 Grad, sonst nur so um die 23 Grad mit wellen. Dieser Tag wurde von \u00c4lteren und Kleinkindern gerne genutzt.<br \/>\nhttps:\/\/luebecker-bucht-regional.de\/2-uncategorised\/446-scharbeutz-abschied-vom-meerwasserwellenbad-wer-kennt-nette-geschichten<br \/>\nDas hat 30-40Jahre gut funktioniert bis jemand auf die Idee kahm seinen Segellagerplatz zu verkaufen und die Sogenannte \u201eOstsee Therme\u201c darauf zu bauen.<br \/>\nEs dauerte nat\u00fcrlich nicht lange bist das Seewasserwellen Bad dann schlo\u00df und zugesch\u00fcttet wurde. Letztendlich wurde es abgerissen und ein Hotel auf dem Gel\u00e4nde gebaut.<\/p>\n<p>Diese Pl\u00e4ne gibt es auch hier, unfassbar.<br \/>\nKommen wir zu Dahme, welcher Vollidiot ist auf die Idee gekommen das au\u00dfen Becken mit Sand zu f\u00fcllen und diesen l\u00e4cherlichen Springbrunnen da zu bauen.<br \/>\nLiebe Politiker wie weit schaut Ihr eigentlich? Bis zum Ortsschild Dahme?<br \/>\nGeht nach Kellenhusen die uns wirklich immer mehr den Rang ablaufen. Ihr habt sogar den B\u00fcrgermeister von Kellenhusen zu einer Versammlung eingeladen, habt ihr nicht zugeh\u00f6rt?<br \/>\nInnovation ist gefragt, nicht so ein altbackendes 70 Flair. Lasst es bitte sein werdet moderner. Wir m\u00fcssen nicht Scharbeutz als ma\u00df nehmen um Gottes willen.<br \/>\nDen schiki miki kram will niemand in Dahme aber lasst euch doch nicht immer wieder von Kellenhusen den Rang ablaufen.<br \/>\n\u00d6ffentliche Schwimmb\u00e4der machen immer Minus aber das Minus l\u00e4sst sich mit wenig Aufwand minimieren. Errichtet eine coole Beach Bar am au\u00dfen Becken was nat\u00fcrlich wieder her muss! Nicht immer sind die Sommer so wie 2018, das war eine Au\u00dfnahme! Bitte liebe Vermieter denkt daran das es auch Stornierungen gibt bei einem schlechten Sommer. Und das wir nicht mal mehr als 30% bei dem Angebot des schnellen Internets (TMG) erreicht haben, ist auch hier wieder eine Schande. Kellenhusen hat es geschafft. In Kellenhusen ist die Politik zukunftsorientiert ! Es war ein sehr gro\u00dfer Fehler sich Haushaltstechnisch an Gr\u00f6mitz zu h\u00e4ngen, die haben ein eigenes Interesse vorw\u00e4rts zu kommen, \u00e4ndert das sofort. Geht nach OH!<\/p>\n<p>Ohne unser Schwimmbad wird meine Enkelin zu ihren Kindern sagen m\u00fcssen, ich kann euch leider nicht Zeigen wo ich mein Seepferdchen gemacht habe es ist weg, wie unendlich traurig<br \/>\neuer neu Dahmer Stephan Lubahn<\/p>\n","protected":false},"excerpt":{"rendered":"<p>Ich bin nicht wirklich ein Politischer Mensch, aber das Schwimmbad in Dahme liegt mir doch sehr am Herzen, nicht zuletzt weil meine Enkelin Franzi es hier und nur hier Geschafft hat ihr Seepferdchen zu machen. Zu meiner Person: Ich bin &hellip; <a href=\"https:\/\/www.stephan-lubahn.de\/?p=235\">Weiterlesen <span class=\"meta-nav\">&rarr;<\/span><\/a><\/p>\n","protected":false},"author":1,"featured_media":0,"comment_status":"open","ping_status":"open","sticky":false,"template":"","format":"standard","meta":{"_acf_changed":false,"footnotes":""},"categories":[1],"tags":[58],"class_list":["post-235","post","type-post","status-publish","format-standard","hentry","category-uncategorized","tag-schwimmbad-dahme"],"acf":[],"_links":{"self":[{"href":"https:\/\/www.stephan-lubahn.de\/index.php?rest_route=\/wp\/v2\/posts\/235","targetHints":{"allow":["GET"]}}],"collection":[{"href":"https:\/\/www.stephan-lubahn.de\/index.php?rest_route=\/wp\/v2\/posts"}],"about":[{"href":"https:\/\/www.stephan-lubahn.de\/index.php?rest_route=\/wp\/v2\/types\/post"}],"author":[{"embeddable":true,"href":"https:\/\/www.stephan-lubahn.de\/index.php?rest_route=\/wp\/v2\/users\/1"}],"replies":[{"embeddable":true,"href":"https:\/\/www.stephan-lubahn.de\/index.php?rest_route=%2Fwp%2Fv2%2Fcomments&post=235"}],"version-history":[{"count":6,"href":"https:\/\/www.stephan-lubahn.de\/index.php?rest_route=\/wp\/v2\/posts\/235\/revisions"}],"predecessor-version":[{"id":250,"href":"https:\/\/www.stephan-lubahn.de\/index.php?rest_route=\/wp\/v2\/posts\/235\/revisions\/250"}],"wp:attachment":[{"href":"https:\/\/www.stephan-lubahn.de\/index.php?rest_route=%2Fwp%2Fv2%2Fmedia&parent=235"}],"wp:term":[{"taxonomy":"category","embeddable":true,"href":"https:\/\/www.stephan-lubahn.de\/index.php?rest_route=%2Fwp%2Fv2%2Fcategories&post=235"},{"taxonomy":"post_tag","embeddable":true,"href":"https:\/\/www.stephan-lubahn.de\/index.php?rest_route=%2Fwp%2Fv2%2Ftags&post=235"}],"curies":[{"name":"wp","href":"https:\/\/api.w.org\/{rel}","templated":true}]}}