{"id":173,"date":"2017-09-04T17:42:58","date_gmt":"2017-09-04T15:42:58","guid":{"rendered":"https:\/\/www.stephan-lubahn.de\/?p=173"},"modified":"2017-09-04T17:42:58","modified_gmt":"2017-09-04T15:42:58","slug":"bmw-x3-abs-ausfall-4x4-und-weitere-systeme","status":"publish","type":"post","link":"https:\/\/www.stephan-lubahn.de\/?p=173","title":{"rendered":"BMW X3 ABS Ausfall 4&#215;4 und weitere Systeme"},"content":{"rendered":"<p>Hallo, ich bin ja sprachlos leider habe ich nicht richtig gesucht. Ich habe nach ABS 4&#215;4 DSC Ausfall gesucht und nat\u00fcrlich gefunden ja das DSC ist \u00f6fter mal defekt. Die Symptome habe ich dem BMW Service immer haarklein erkl\u00e4rt&#8230; nun zu meiner Geschichte:<br \/>\nEs geht um einen BMW X3 F25 Bj. 03 2013 45500km.<br \/>\nProblem nach 50m fahrt gehen fast alle Lampen im Cocpit an, RPA ausgefallen ABS 4&#215;4. Das Fahrzeug war im Mai in der Inspektion dort wurde laut R\u00fcckruf an den hinteren Kinderr\u00fcckhalte System geschwei\u00dft.<br \/>\nDas erste mal trat es auf nachdem ich die Scheibenwaschanlage aufgef\u00fcllt habe. 50 meter gefahren alle Lampen an. Bei BMW wurde der Fehlerspeicher ausgelesen und festgestellt Batterie defekt, wurde getauscht 700\u20ac. Anschl\u00fcssen bin ich von Berlin nach Dahme gefahren, keine Problem. In Dahme nach einer Fahrt nach Oldenburg wieder Scheibenwasser aufgef\u00fcllt selbes Problem nach 50m f\u00e4hrt. Hat jemand Ideen?<br \/>\nNa ja nicht defekt der Fehlerspeicher hat Unterspannung gespeichert das hei\u00dft bei BMW Batterie tauschen.<\/p>\n<p>So der erste Termin beim Service ist vorbei, festgestellt das DSC ist defekt. Am Montag wird das Ding getauscht und ein Kulanz Antrag gestellt. Als ich heute gefahren bin war der Fehler nach dem Start sofort da, dann m\u00fcsste ich ein einer Bahnschranke waren, Motor ausgestellt. Motor gestartet Fehler weg&#8230; hmmmm..<br \/>\nMoin, DSC wurde auf Kulanz getauscht. Alles war Kostenfrei sogar der Mietwagen der sonst 59\u20ac gekostet h\u00e4tte. Bravo BMW das nenne ich mal Service. Auto Hansen in Oldenburg\/i.H. kann ich nur empfehlen. 360Km nach Berlin gefahren alles OK.<br \/>\nAber nicht lange ich habe ja zwischendurch mal wieder Wischwasser aufgef\u00fcllt&#8230; nach ca. 5000 gefahrenen KM wie der ABS Fehler 4&#215;4 Fehler RPA und neu dazu R\u00fcckhaltesystem und Airbag. Also heute Termin beim BMW Service und was finden die Jungs: Der Kabelbaum der von Motorraum \u00fcber den Radkasten(rechts) zum Innenraum geht v\u00f6llig Aufgel\u00f6st weil in dem Kabelbaum die Schl\u00e4uche der Scheibenwaschanlage laufen. Meiner Meinung nach eindeutig ein Konstruktionsfehler. Die Reparatur soll ca. 3000\u20ac Kosten.<br \/>\nIch bin gespannt ob BMW das komplett \u00fcbernimmt, ist mein erster BMW was soll ich sagen Freude am Fahren ist anders oder? Haben die bei BMW keine Datenbank wo solche Fehler Dokumentiert werden?<\/p>\n<p>Gr\u00fc\u00dfe der Hotti<\/p>\n<div id=\"attachment_176\" style=\"width: 310px\" class=\"wp-caption alignnone\"><a href=\"https:\/\/www.stephan-lubahn.de\/wp-content\/uploads\/2017\/09\/20170901_084723.jpg\"><img loading=\"lazy\" decoding=\"async\" aria-describedby=\"caption-attachment-176\" class=\"size-medium wp-image-176\" src=\"https:\/\/www.stephan-lubahn.de\/wp-content\/uploads\/2017\/09\/20170901_084723-300x225.jpg\" alt=\"\" width=\"300\" height=\"225\" srcset=\"https:\/\/www.stephan-lubahn.de\/wp-content\/uploads\/2017\/09\/20170901_084723-300x225.jpg 300w, https:\/\/www.stephan-lubahn.de\/wp-content\/uploads\/2017\/09\/20170901_084723-768x576.jpg 768w, https:\/\/www.stephan-lubahn.de\/wp-content\/uploads\/2017\/09\/20170901_084723-1024x768.jpg 1024w\" sizes=\"auto, (max-width: 300px) 100vw, 300px\" \/><\/a><p id=\"caption-attachment-176\" class=\"wp-caption-text\">ABS Ausfall RPA<\/p><\/div>\n","protected":false},"excerpt":{"rendered":"<p>Hallo, ich bin ja sprachlos leider habe ich nicht richtig gesucht. Ich habe nach ABS 4&#215;4 DSC Ausfall gesucht und nat\u00fcrlich gefunden ja das DSC ist \u00f6fter mal defekt. Die Symptome habe ich dem BMW Service immer haarklein erkl\u00e4rt&#8230; nun &hellip; <a href=\"https:\/\/www.stephan-lubahn.de\/?p=173\">Weiterlesen <span class=\"meta-nav\">&rarr;<\/span><\/a><\/p>\n","protected":false},"author":1,"featured_media":0,"comment_status":"open","ping_status":"open","sticky":false,"template":"","format":"standard","meta":{"_acf_changed":false,"footnotes":""},"categories":[1],"tags":[35,37,36],"class_list":["post-173","post","type-post","status-publish","format-standard","hentry","category-uncategorized","tag-bmw-x3-f25-abs-4x4-ausgefallen","tag-bmw-x3-f25-dsc-defekt","tag-bmw-x3-f25-wassereinruch-im-kabelbaum-vorne-rechts"],"acf":[],"_links":{"self":[{"href":"https:\/\/www.stephan-lubahn.de\/index.php?rest_route=\/wp\/v2\/posts\/173","targetHints":{"allow":["GET"]}}],"collection":[{"href":"https:\/\/www.stephan-lubahn.de\/index.php?rest_route=\/wp\/v2\/posts"}],"about":[{"href":"https:\/\/www.stephan-lubahn.de\/index.php?rest_route=\/wp\/v2\/types\/post"}],"author":[{"embeddable":true,"href":"https:\/\/www.stephan-lubahn.de\/index.php?rest_route=\/wp\/v2\/users\/1"}],"replies":[{"embeddable":true,"href":"https:\/\/www.stephan-lubahn.de\/index.php?rest_route=%2Fwp%2Fv2%2Fcomments&post=173"}],"version-history":[{"count":2,"href":"https:\/\/www.stephan-lubahn.de\/index.php?rest_route=\/wp\/v2\/posts\/173\/revisions"}],"predecessor-version":[{"id":177,"href":"https:\/\/www.stephan-lubahn.de\/index.php?rest_route=\/wp\/v2\/posts\/173\/revisions\/177"}],"wp:attachment":[{"href":"https:\/\/www.stephan-lubahn.de\/index.php?rest_route=%2Fwp%2Fv2%2Fmedia&parent=173"}],"wp:term":[{"taxonomy":"category","embeddable":true,"href":"https:\/\/www.stephan-lubahn.de\/index.php?rest_route=%2Fwp%2Fv2%2Fcategories&post=173"},{"taxonomy":"post_tag","embeddable":true,"href":"https:\/\/www.stephan-lubahn.de\/index.php?rest_route=%2Fwp%2Fv2%2Ftags&post=173"}],"curies":[{"name":"wp","href":"https:\/\/api.w.org\/{rel}","templated":true}]}}