{"id":126,"date":"2015-12-07T12:48:11","date_gmt":"2015-12-07T11:48:11","guid":{"rendered":"https:\/\/www.stephan-lubahn.de\/?p=126"},"modified":"2015-12-07T12:48:11","modified_gmt":"2015-12-07T11:48:11","slug":"wie-wende-ich-texturen-in-ps-cc-2015-an","status":"publish","type":"post","link":"https:\/\/www.stephan-lubahn.de\/?p=126","title":{"rendered":"Wie wende ich Texturen in PS CC 2015 an"},"content":{"rendered":"<p>Im Men\u00fc Datei auf \u201eplatzieren und einbetten\u201cgehen. Dann zieht ihr eure ausgew\u00e4hlte Textur in die passende Gr\u00f6\u00dfe und best\u00e4tigt mit einem Klick auf den Haken (unterhalb der Men\u00fc Leiste. Zum Schluss noch den Ebenenmodus auf negativ multiplizieren stellen. Bei Bedarf k\u00f6nnt ihr noch die Deckkraft der Ebene anpassen.<\/p>\n","protected":false},"excerpt":{"rendered":"<p>Im Men\u00fc Datei auf \u201eplatzieren und einbetten\u201cgehen. Dann zieht ihr eure ausgew\u00e4hlte Textur in die passende Gr\u00f6\u00dfe und best\u00e4tigt mit einem Klick auf den Haken (unterhalb der Men\u00fc Leiste. Zum Schluss noch den Ebenenmodus auf negativ multiplizieren stellen. Bei Bedarf &hellip; <a href=\"https:\/\/www.stephan-lubahn.de\/?p=126\">Weiterlesen <span class=\"meta-nav\">&rarr;<\/span><\/a><\/p>\n","protected":false},"author":1,"featured_media":0,"comment_status":"open","ping_status":"open","sticky":false,"template":"","format":"standard","meta":{"_acf_changed":false,"footnotes":""},"categories":[1],"tags":[],"class_list":["post-126","post","type-post","status-publish","format-standard","hentry","category-uncategorized"],"acf":[],"_links":{"self":[{"href":"https:\/\/www.stephan-lubahn.de\/index.php?rest_route=\/wp\/v2\/posts\/126","targetHints":{"allow":["GET"]}}],"collection":[{"href":"https:\/\/www.stephan-lubahn.de\/index.php?rest_route=\/wp\/v2\/posts"}],"about":[{"href":"https:\/\/www.stephan-lubahn.de\/index.php?rest_route=\/wp\/v2\/types\/post"}],"author":[{"embeddable":true,"href":"https:\/\/www.stephan-lubahn.de\/index.php?rest_route=\/wp\/v2\/users\/1"}],"replies":[{"embeddable":true,"href":"https:\/\/www.stephan-lubahn.de\/index.php?rest_route=%2Fwp%2Fv2%2Fcomments&post=126"}],"version-history":[{"count":1,"href":"https:\/\/www.stephan-lubahn.de\/index.php?rest_route=\/wp\/v2\/posts\/126\/revisions"}],"predecessor-version":[{"id":127,"href":"https:\/\/www.stephan-lubahn.de\/index.php?rest_route=\/wp\/v2\/posts\/126\/revisions\/127"}],"wp:attachment":[{"href":"https:\/\/www.stephan-lubahn.de\/index.php?rest_route=%2Fwp%2Fv2%2Fmedia&parent=126"}],"wp:term":[{"taxonomy":"category","embeddable":true,"href":"https:\/\/www.stephan-lubahn.de\/index.php?rest_route=%2Fwp%2Fv2%2Fcategories&post=126"},{"taxonomy":"post_tag","embeddable":true,"href":"https:\/\/www.stephan-lubahn.de\/index.php?rest_route=%2Fwp%2Fv2%2Ftags&post=126"}],"curies":[{"name":"wp","href":"https:\/\/api.w.org\/{rel}","templated":true}]}}